{"id":1271,"date":"2026-01-18T19:14:35","date_gmt":"2026-01-18T19:14:35","guid":{"rendered":"https:\/\/eventech3d.es\/?p=1271"},"modified":"2026-01-18T19:45:18","modified_gmt":"2026-01-18T19:45:18","slug":"ise-2026-barcelona-is-preparing-for-the-event-that-will-redefine-the-audiovisual-future","status":"publish","type":"post","link":"https:\/\/eventech3d.es\/index.php\/en\/ise-2026-barcelona-is-preparing-for-the-event-that-will-redefine-the-audiovisual-future\/","title":{"rendered":"ISE 2026: Barcelona is preparing for the event that will redefine the audiovisual future."},"content":{"rendered":"\n<p class=\"wp-block-paragraph\">The countdown has begun. From February 3 to 6, 2026, the Gran Via venue at Fira de Barcelona will once again become the global epicenter of pro-AV technology and systems integration. Under the powerful motto \"Push Beyond,\" the 2026 edition of Integrated Systems Europe (ISE) promises to be not only the largest to date, but also the most transformative.<\/p>\n\n\n\n<p class=\"wp-block-paragraph\">If you thought you'd seen it all in LED screens and sound systems, get ready: ISE 2026 is here to prove that the boundary between digital and physical is definitely fading away.<\/p>\n\n\n\n<p class=\"wp-block-paragraph\">\"Push Beyond\": More than a slogan, a statement of intent<\/p>\n\n\n\n<p class=\"wp-block-paragraph\">This year's motto reflects the ambition of an industry that is no longer content with simply improving what already exists. \"Push Beyond\" invites exhibitors and visitors to break the mold. Mike Blackman, Managing Director of ISE, has made it clear: the goal is to inspire the community to explore unimaginable limits in creativity and technical efficiency.<\/p>\n\n\n\n<figure class=\"wp-block-image size-full\"><img decoding=\"async\" width=\"1024\" height=\"683\" data-src=\"https:\/\/eventech3d.es\/wp-content\/uploads\/2026\/01\/ISE-2025-apertura.jpg\" alt=\"\" class=\"wp-image-1261 lazyload\" data-srcset=\"https:\/\/eventech3d.es\/wp-content\/uploads\/2026\/01\/ISE-2025-apertura.jpg 1024w, https:\/\/eventech3d.es\/wp-content\/uploads\/2026\/01\/ISE-2025-apertura-980x654.jpg 980w, https:\/\/eventech3d.es\/wp-content\/uploads\/2026\/01\/ISE-2025-apertura-480x320.jpg 480w\" data-sizes=\"(min-width: 0px) and (max-width: 480px) 480px, (min-width: 481px) and (max-width: 980px) 980px, (min-width: 981px) 1024px, 100vw\" src=\"data:image\/svg+xml;base64,PHN2ZyB3aWR0aD0iMSIgaGVpZ2h0PSIxIiB4bWxucz0iaHR0cDovL3d3dy53My5vcmcvMjAwMC9zdmciPjwvc3ZnPg==\" style=\"--smush-placeholder-width: 1024px; --smush-placeholder-aspect-ratio: 1024\/683;\" \/><\/figure>\n\n\n\n<h2 class=\"wp-block-heading has-luminous-vivid-orange-color has-text-color has-link-color wp-elements-1\">What new things can we expect this year?<\/h2>\n\n\n\n<p class=\"wp-block-paragraph\">The fair continues to expand and optimize its spaces to offer a seamless experience. Here are some must-see spots:<\/p>\n\n\n\n<h4 class=\"wp-block-heading has-luminous-vivid-orange-color has-text-color has-link-color wp-elements-2\">The debut of the Cybersecurity Summit:<\/h4>\n\n\n\n<p class=\"wp-block-paragraph\">For the first time, ISE will feature a summit dedicated exclusively to cybersecurity in the AV environment. In a hyper-connected world, protecting critical infrastructure and data in embedded systems has become an absolute priority.<\/p>\n\n\n\n<h4 class=\"wp-block-heading has-luminous-vivid-orange-color has-text-color has-link-color wp-elements-3\">Sol Rashidi as Keynote Speaker:<\/h4>\n\n\n\n<p class=\"wp-block-paragraph\">On Wednesday, February 5, renowned expert Sol Rashidi (considered one of the brightest minds in AI and data strategy) will deliver the keynote address. Her vision on how Artificial Intelligence can generate a real business impact will undoubtedly be the most anticipated moment.<\/p>\n\n\n\n<h4 class=\"wp-block-heading has-luminous-vivid-orange-color has-text-color has-link-color wp-elements-4\">Innovation in Hall 8.1 with \"Spark\":<\/h4>\n\n\n\n<p class=\"wp-block-paragraph\">The Spark initiative debuts, a space designed to foster collaboration between creative industries and technology providers. It is the place where the partnerships that will shape the world's next festivals and immersive events will be born.<\/p>\n\n\n\n<h4 class=\"wp-block-heading has-luminous-vivid-orange-color has-text-color has-link-color wp-elements-5\">Listening Suites in CC2:<\/h4>\n\n\n\n<p class=\"wp-block-paragraph\">Following the renovation of Convention Center 2, professional audio enthusiasts can enjoy listening suites optimized for testing high-fidelity equipment in a controlled environment.<\/p>\n\n\n\n<h4 class=\"wp-block-heading has-luminous-vivid-orange-color has-text-color has-link-color wp-elements-6\">The Leading Role of Artificial Intelligence<\/h4>\n\n\n\n<p class=\"wp-block-paragraph\">If 2024 and 2025 were the years of hype, ISE 2026 will be the year of implementation. We will see solutions where AI is not just an added feature, but the core of the experience:<\/p>\n\n\n\n<p class=\"wp-block-paragraph\">Software Orchestration: We are moving from simple signal transport (AV over IP) to intelligent, software-based management.<\/p>\n\n\n\n<h4 class=\"wp-block-heading has-luminous-vivid-orange-color has-text-color has-link-color wp-elements-7\">Robotics in Hospitality:<\/h4>\n\n\n\n<p class=\"wp-block-paragraph\">The convergence of AV displays with autonomous service robots will be one of the most visible trends in digital signage booths.<\/p>\n\n\n\n<h4 class=\"wp-block-heading has-luminous-vivid-orange-color has-text-color has-link-color wp-elements-8\">Smart Buildings:<\/h4>\n\n\n\n<p class=\"wp-block-paragraph\">The complete integration of lighting, climate, and audiovisual communication controls to create buildings that \"learn\" from their users.<\/p>\n\n\n\n<p class=\"wp-block-paragraph\">Barcelona: The perfect home for innovation<\/p>\n\n\n\n<p class=\"wp-block-paragraph\">With a 5% increase in exhibition space compared to last year and more than 1,400 confirmed exhibitors, Barcelona reaffirms its position as a technology capital. Although the highly anticipated \"Hall Zero\" at Fira Barcelona will finally be delayed until 2028, the organizers have optimized every corner of the current venue to ensure that the more than 85,000 expected attendees can move around seamlessly.<\/p>\n\n\n\n<p class=\"wp-block-paragraph\">Key fact: ISE 2026 is not just a trade fair; it is an economic engine for the city and a talent catalyst that attracts the brightest minds from all five continents.<\/p>\n\n\n\n<figure class=\"wp-block-image size-large\"><img decoding=\"async\" width=\"1024\" height=\"576\" data-src=\"https:\/\/eventech3d.es\/wp-content\/uploads\/2026\/01\/ise-2025-2-1024x576.jpg\" alt=\"\" class=\"wp-image-1260 lazyload\" data-srcset=\"https:\/\/eventech3d.es\/wp-content\/uploads\/2026\/01\/ise-2025-2-1024x576.jpg 1024w, https:\/\/eventech3d.es\/wp-content\/uploads\/2026\/01\/ise-2025-2-980x551.jpg 980w, https:\/\/eventech3d.es\/wp-content\/uploads\/2026\/01\/ise-2025-2-480x270.jpg 480w\" data-sizes=\"(min-width: 0px) and (max-width: 480px) 480px, (min-width: 481px) and (max-width: 980px) 980px, (min-width: 981px) 1024px, 100vw\" src=\"data:image\/svg+xml;base64,PHN2ZyB3aWR0aD0iMSIgaGVpZ2h0PSIxIiB4bWxucz0iaHR0cDovL3d3dy53My5vcmcvMjAwMC9zdmciPjwvc3ZnPg==\" style=\"--smush-placeholder-width: 1024px; --smush-placeholder-aspect-ratio: 1024\/576;\" \/><\/figure>\n\n\n\n<h2 class=\"wp-block-heading has-luminous-vivid-orange-color has-text-color has-link-color wp-elements-9\">GUIDE TO VISITING ISE 2026<\/h2>\n\n\n\n<p class=\"wp-block-paragraph\">This guide is designed to help you navigate the technological labyrinth of ISE 2026 at Fira de Barcelona. For this edition, the organizers have optimized the layout of the halls to group solutions by \"Technology Zones,\" making it easier to find exactly what you're looking for without wasting time.<\/p>\n\n\n\n<p class=\"wp-block-paragraph\">Here's your strategic roadmap for the three key sectors:<\/p>\n\n\n\n<h4 class=\"wp-block-heading has-luminous-vivid-orange-color has-text-color has-link-color wp-elements-10\">Audio Zone: Immersion and Precision<\/h4>\n\n\n\n<p class=\"wp-block-paragraph\">Main location: Halls 7 and 8.1 Demo Rooms: Hall 8.0 and CC2<\/p>\n\n\n\n<p class=\"wp-block-paragraph\">At ISE 2026, audio isn't just heard, it's experienced. This zone covers everything from professional microphones to stadium sound reinforcement systems.<\/p>\n\n\n\n<p class=\"wp-block-paragraph\">Hall 7: This is the heart of pro audio. Here you'll find the giants of signal processing, amplification, and loudspeakers.<\/p>\n\n\n\n<p class=\"wp-block-paragraph\">Hall 8.0 (Audio Demo Rooms): If you want to hear equipment in real-world, controlled acoustic conditions, this is the place for you. There will be more than 20 active demonstration rooms.<\/p>\n\n\n\n<p class=\"wp-block-paragraph\">New for 2026: Listening Suites (CC2): Located near Hall 2, these luxury suites are dedicated exclusively to high-end residential audio. Perfect if you're looking for audiophile fidelity for premium projects.<\/p>\n\n\n\n<p class=\"wp-block-paragraph\">Key brands: d&amp;b audiotechnik, L-Acoustics, Shure, Sennheiser, and Adamson.<\/p>\n\n\n\n<h4 class=\"wp-block-heading has-luminous-vivid-orange-color has-text-color has-link-color wp-elements-11\">Digital Signage &amp; DooH: The Visual Spectacle<\/h4>\n\n\n\n<p class=\"wp-block-paragraph\">Main location: Hall 4. Synergy: Hall 3 (Multi-Technology)<\/p>\n\n\n\n<p class=\"wp-block-paragraph\">Digital signage has evolved toward interactive experiences and real-time data analytics using AI.<\/p>\n\n\n\n<p class=\"wp-block-paragraph\">Hall 4: Here you'll see the future of retail and out-of-home (DooH) advertising. Keep an eye out for transparent displays, holographic solutions, and content management software (CMS) that uses computer vision to measure audiences.<\/p>\n\n\n\n<p class=\"wp-block-paragraph\">Hall 3 (The Nexus): While not exclusively dedicated to Digital Signage, Hall 3 showcases flagship brands like Samsung, LG, and Epson. It's where you'll find the most impressive large-format LED displays and projectors with over 30,000 lumens.<\/p>\n\n\n\n<p class=\"wp-block-paragraph\">Don't miss: The Digital Signage Summit, where discussions will focus on how generative AI is creating ads that adapt to the viewer.<\/p>\n\n\n\n<h4 class=\"wp-block-heading has-luminous-vivid-orange-color has-text-color has-link-color wp-elements-12\">Residential &amp; Smart Building: The Home of the Future<\/h4>\n\n\n\n<p class=\"wp-block-paragraph\">Primary Location: Halls 1 and 2<\/p>\n\n\n\n<p class=\"wp-block-paragraph\">This area is essential for architects, home integrators, and interior designers. The focus for 2026 is sustainability and well-being (Wellness Tech).<\/p>\n\n\n\n<p class=\"wp-block-paragraph\">Total Control: This is where automation solutions (KNX, Control4, Crestron) are concentrated. You'll see how homes no longer just obey voice commands but anticipate needs through environmental sensors.<\/p>\n\n\n\n<p class=\"wp-block-paragraph\">Smart Building: It's not just about houses; These are smart offices. You'll find building management systems (BMS) that optimize energy consumption, a critical issue under current European regulations.<\/p>\n\n\n\n<p class=\"wp-block-paragraph\"><a href=\"https:\/\/cedia.org\/es\/?langchanged=y\" target=\"_blank\" rel=\"noreferrer noopener\">CEDIA<\/a> Conference:These pavilions host CEDIA's certified training courses, ideal if you want to professionalize your profile in residential integration.<\/p>\n\n\n\n<p class=\"wp-block-paragraph\">Use the <a href=\"https:\/\/www.iseurope.org\/content-programme\/show-floor-tours\" target=\"_blank\" rel=\"noreferrer noopener\">\"Show Floor Tours\":<\/a> For around \u20ac90, you can join expert-led tours that will take you directly to the most innovative aspects of each sector, saving you hours of exploration.<\/p>\n\n\n\n<p class=\"wp-block-paragraph\"><a href=\"https:\/\/www.iseurope.org\/ise-innovation-park\" target=\"_blank\" rel=\"noreferrer noopener\">Innovation<\/a><a href=\"https:\/\/www.iseurope.org\/ise-innovation-park\"> Park<\/a> (Congress Square): Between Halls 4 and 6, stop by this square. It's where startups showcase technologies that aren't yet on the mass market. It's the best place to see where the industry is headed in 2027.<\/p>\n\n\n\n<figure class=\"wp-block-image size-full\"><img decoding=\"async\" width=\"1000\" height=\"667\" data-src=\"https:\/\/eventech3d.es\/wp-content\/uploads\/2026\/01\/ISE-2025.jpg\" alt=\"\" class=\"wp-image-1262 lazyload\" data-srcset=\"https:\/\/eventech3d.es\/wp-content\/uploads\/2026\/01\/ISE-2025.jpg 1000w, https:\/\/eventech3d.es\/wp-content\/uploads\/2026\/01\/ISE-2025-980x654.jpg 980w, https:\/\/eventech3d.es\/wp-content\/uploads\/2026\/01\/ISE-2025-480x320.jpg 480w\" data-sizes=\"(min-width: 0px) and (max-width: 480px) 480px, (min-width: 481px) and (max-width: 980px) 980px, (min-width: 981px) 1000px, 100vw\" src=\"data:image\/svg+xml;base64,PHN2ZyB3aWR0aD0iMSIgaGVpZ2h0PSIxIiB4bWxucz0iaHR0cDovL3d3dy53My5vcmcvMjAwMC9zdmciPjwvc3ZnPg==\" style=\"--smush-placeholder-width: 1000px; --smush-placeholder-aspect-ratio: 1000\/667;\" \/><\/figure>\n\n\n\n<ul style=\"font-style:normal;font-weight:700\" class=\"wp-block-list has-medium-font-size\">\n<li class=\"has-medium-font-size\">Pabell\u00f3n,Sector Tecnol\u00f3gico Principal<\/li>\n\n\n\n<li class=\"has-medium-font-size\">Pabell\u00f3n 1,Smart Home (Hogar inteligente)<\/li>\n\n\n\n<li class=\"has-medium-font-size\">Pabell\u00f3n 2,Residential &amp; Smart Building (Edificios inteligentes)<\/li>\n\n\n\n<li class=\"has-medium-font-size\">Pabell\u00f3n 3,\"Multi-Technology (Los \"\"pesos pesados\"\": Samsung, LG, Panasonic, Sony, etc.)\"<\/li>\n\n\n\n<li class=\"has-medium-font-size\">Pabell\u00f3n 4,Digital Signage &amp; DooH (Se\u00f1alizaci\u00f3n digital)<\/li>\n\n\n\n<li class=\"has-medium-font-size\">Pabell\u00f3n 5,Unified Communications &amp; Education Technology (Colaboraci\u00f3n y educaci\u00f3n)<\/li>\n\n\n\n<li class=\"has-medium-font-size\">Pabell\u00f3n 6,Content Production &amp; Distribution (Producci\u00f3n de contenido)<\/li>\n\n\n\n<li class=\"has-medium-font-size\">Pabell\u00f3n 7,Audio &amp; Performance (Audio profesional e iluminaci\u00f3n)<\/li>\n\n\n\n<li class=\"has-medium-font-size\">Pabell\u00f3n 8.0,Audio Demo Rooms (Salas de demostraci\u00f3n de sonido)<\/li>\n\n\n\n<li class=\"has-medium-font-size\">Pabell\u00f3n 8.1,Audio &amp; Lighting (Expansi\u00f3n de audio e iluminaci\u00f3n) + Innovation Park<\/li>\n<\/ul>\n\n\n\n<p class=\"wp-block-paragraph\"><\/p>\n\n\n\n<p class=\"wp-block-paragraph\"><a href=\"https:\/\/www.iseurope.org\/\" target=\"_blank\" rel=\"noreferrer noopener\">WEB OFICIAL ISE 2026<\/a><\/p>\n\n\n\n<p class=\"wp-block-paragraph\"><a href=\"https:\/\/ise2026.mapyourshow.com\/8_0\/floorplan\/index.cfm?hallID=campus&amp;level=2\" target=\"_blank\" rel=\"noreferrer noopener\">OFICIAL EXPOSITOR<\/a><a href=\"https:\/\/ise2026.mapyourshow.com\/8_0\/floorplan\/index.cfm?hallID=campus&amp;level=2\">S PLOT ISE 2026<\/a><\/p>\n","protected":false},"excerpt":{"rendered":"<p>The countdown has begun. From February 3 to 6, 2026, the Gran Via venue at Fira de Barcelona will once again become the global epicenter of pro-AV technology and systems integration. Under the powerful motto \u00abPush Beyond,\u00bb the 2026 edition of Integrated Systems Europe (ISE) promises to be not only the largest to date, but [&hellip;]<\/p>\n","protected":false},"author":1,"featured_media":1263,"comment_status":"closed","ping_status":"open","sticky":false,"template":"","format":"standard","meta":{"footnotes":""},"categories":[36],"tags":[],"class_list":["post-1271","post","type-post","status-publish","format-standard","has-post-thumbnail","hentry","category-news-en"],"yoast_head":"<!-- This site is optimized with the Yoast SEO plugin v28.2 - https:\/\/yoast.com\/product\/yoast-seo-wordpress\/ -->\n<title>ISE 2026: Barcelona is preparing for the event that will redefine the audiovisual future. - EVENTECH 3D<\/title>\n<meta name=\"description\" content=\"ISE 2026: BARCELONA SE PREPARA PARA EL EVENTO QUE REDEFINIRA EL FUTURO DEL SECTOR AUDIOVISUAL. NO PUEDES FALTAR.\" \/>\n<meta name=\"robots\" content=\"index, follow, max-snippet:-1, max-image-preview:large, max-video-preview:-1\" \/>\n<link rel=\"canonical\" href=\"https:\/\/eventech3d.es\/index.php\/en\/ise-2026-barcelona-is-preparing-for-the-event-that-will-redefine-the-audiovisual-future\/\" \/>\n<meta property=\"og:locale\" content=\"es_ES\" \/>\n<meta property=\"og:type\" content=\"article\" \/>\n<meta property=\"og:title\" content=\"ISE 2026: Barcelona is preparing for the event that will redefine the audiovisual future. - EVENTECH 3D\" \/>\n<meta property=\"og:description\" content=\"ISE 2026: BARCELONA SE PREPARA PARA EL EVENTO QUE REDEFINIRA EL FUTURO DEL SECTOR AUDIOVISUAL. NO PUEDES FALTAR.\" \/>\n<meta property=\"og:url\" content=\"https:\/\/eventech3d.es\/index.php\/en\/ise-2026-barcelona-is-preparing-for-the-event-that-will-redefine-the-audiovisual-future\/\" \/>\n<meta property=\"og:site_name\" content=\"EVENTECH 3D\" \/>\n<meta property=\"article:published_time\" content=\"2026-01-18T19:14:35+00:00\" \/>\n<meta property=\"article:modified_time\" content=\"2026-01-18T19:45:18+00:00\" \/>\n<meta property=\"og:image\" content=\"https:\/\/eventech3d.es\/wp-content\/uploads\/2026\/01\/Image-LG_ISE-2025_1-scaled-1.jpg\" \/>\n\t<meta property=\"og:image:width\" content=\"2560\" \/>\n\t<meta property=\"og:image:height\" content=\"1706\" \/>\n\t<meta property=\"og:image:type\" content=\"image\/jpeg\" \/>\n<meta name=\"author\" content=\"admin\" \/>\n<meta name=\"twitter:card\" content=\"summary_large_image\" \/>\n<meta name=\"twitter:label1\" content=\"Escrito por\" \/>\n\t<meta name=\"twitter:data1\" content=\"admin\" \/>\n\t<meta name=\"twitter:label2\" content=\"Tiempo de lectura\" \/>\n\t<meta name=\"twitter:data2\" content=\"6 minutos\" \/>\n<script type=\"application\/ld+json\" class=\"yoast-schema-graph\">{\"@context\":\"https:\\\/\\\/schema.org\",\"@graph\":[{\"@type\":\"Article\",\"@id\":\"https:\\\/\\\/eventech3d.es\\\/index.php\\\/en\\\/ise-2026-barcelona-is-preparing-for-the-event-that-will-redefine-the-audiovisual-future\\\/#article\",\"isPartOf\":{\"@id\":\"https:\\\/\\\/eventech3d.es\\\/index.php\\\/en\\\/ise-2026-barcelona-is-preparing-for-the-event-that-will-redefine-the-audiovisual-future\\\/\"},\"author\":{\"name\":\"admin\",\"@id\":\"https:\\\/\\\/eventech3d.es\\\/#\\\/schema\\\/person\\\/ac38ab90dcc368c974162dff62a69127\"},\"headline\":\"ISE 2026: Barcelona is preparing for the event that will redefine the audiovisual future.\",\"datePublished\":\"2026-01-18T19:14:35+00:00\",\"dateModified\":\"2026-01-18T19:45:18+00:00\",\"mainEntityOfPage\":{\"@id\":\"https:\\\/\\\/eventech3d.es\\\/index.php\\\/en\\\/ise-2026-barcelona-is-preparing-for-the-event-that-will-redefine-the-audiovisual-future\\\/\"},\"wordCount\":1136,\"publisher\":{\"@id\":\"https:\\\/\\\/eventech3d.es\\\/#organization\"},\"image\":{\"@id\":\"https:\\\/\\\/eventech3d.es\\\/index.php\\\/en\\\/ise-2026-barcelona-is-preparing-for-the-event-that-will-redefine-the-audiovisual-future\\\/#primaryimage\"},\"thumbnailUrl\":\"https:\\\/\\\/eventech3d.es\\\/wp-content\\\/uploads\\\/2026\\\/01\\\/Image-LG_ISE-2025_1-scaled-1.jpg\",\"articleSection\":[\"NEWS\"],\"inLanguage\":\"es\"},{\"@type\":\"WebPage\",\"@id\":\"https:\\\/\\\/eventech3d.es\\\/index.php\\\/en\\\/ise-2026-barcelona-is-preparing-for-the-event-that-will-redefine-the-audiovisual-future\\\/\",\"url\":\"https:\\\/\\\/eventech3d.es\\\/index.php\\\/en\\\/ise-2026-barcelona-is-preparing-for-the-event-that-will-redefine-the-audiovisual-future\\\/\",\"name\":\"ISE 2026: Barcelona is preparing for the event that will redefine the audiovisual future. - EVENTECH 3D\",\"isPartOf\":{\"@id\":\"https:\\\/\\\/eventech3d.es\\\/#website\"},\"primaryImageOfPage\":{\"@id\":\"https:\\\/\\\/eventech3d.es\\\/index.php\\\/en\\\/ise-2026-barcelona-is-preparing-for-the-event-that-will-redefine-the-audiovisual-future\\\/#primaryimage\"},\"image\":{\"@id\":\"https:\\\/\\\/eventech3d.es\\\/index.php\\\/en\\\/ise-2026-barcelona-is-preparing-for-the-event-that-will-redefine-the-audiovisual-future\\\/#primaryimage\"},\"thumbnailUrl\":\"https:\\\/\\\/eventech3d.es\\\/wp-content\\\/uploads\\\/2026\\\/01\\\/Image-LG_ISE-2025_1-scaled-1.jpg\",\"datePublished\":\"2026-01-18T19:14:35+00:00\",\"dateModified\":\"2026-01-18T19:45:18+00:00\",\"description\":\"ISE 2026: BARCELONA SE PREPARA PARA EL EVENTO QUE REDEFINIRA EL FUTURO DEL SECTOR AUDIOVISUAL. NO PUEDES FALTAR.\",\"breadcrumb\":{\"@id\":\"https:\\\/\\\/eventech3d.es\\\/index.php\\\/en\\\/ise-2026-barcelona-is-preparing-for-the-event-that-will-redefine-the-audiovisual-future\\\/#breadcrumb\"},\"inLanguage\":\"es\",\"potentialAction\":[{\"@type\":\"ReadAction\",\"target\":[\"https:\\\/\\\/eventech3d.es\\\/index.php\\\/en\\\/ise-2026-barcelona-is-preparing-for-the-event-that-will-redefine-the-audiovisual-future\\\/\"]}]},{\"@type\":\"ImageObject\",\"inLanguage\":\"es\",\"@id\":\"https:\\\/\\\/eventech3d.es\\\/index.php\\\/en\\\/ise-2026-barcelona-is-preparing-for-the-event-that-will-redefine-the-audiovisual-future\\\/#primaryimage\",\"url\":\"https:\\\/\\\/eventech3d.es\\\/wp-content\\\/uploads\\\/2026\\\/01\\\/Image-LG_ISE-2025_1-scaled-1.jpg\",\"contentUrl\":\"https:\\\/\\\/eventech3d.es\\\/wp-content\\\/uploads\\\/2026\\\/01\\\/Image-LG_ISE-2025_1-scaled-1.jpg\",\"width\":2560,\"height\":1706},{\"@type\":\"BreadcrumbList\",\"@id\":\"https:\\\/\\\/eventech3d.es\\\/index.php\\\/en\\\/ise-2026-barcelona-is-preparing-for-the-event-that-will-redefine-the-audiovisual-future\\\/#breadcrumb\",\"itemListElement\":[{\"@type\":\"ListItem\",\"position\":1,\"name\":\"Portada\",\"item\":\"https:\\\/\\\/eventech3d.es\\\/\"},{\"@type\":\"ListItem\",\"position\":2,\"name\":\"ISE 2026: Barcelona is preparing for the event that will redefine the audiovisual future.\"}]},{\"@type\":\"WebSite\",\"@id\":\"https:\\\/\\\/eventech3d.es\\\/#website\",\"url\":\"https:\\\/\\\/eventech3d.es\\\/\",\"name\":\"EVENTECH 3D\",\"description\":\"Producci\u00f3n t\u00e9cnica para eventos y Renders 3d\",\"publisher\":{\"@id\":\"https:\\\/\\\/eventech3d.es\\\/#organization\"},\"potentialAction\":[{\"@type\":\"SearchAction\",\"target\":{\"@type\":\"EntryPoint\",\"urlTemplate\":\"https:\\\/\\\/eventech3d.es\\\/?s={search_term_string}\"},\"query-input\":{\"@type\":\"PropertyValueSpecification\",\"valueRequired\":true,\"valueName\":\"search_term_string\"}}],\"inLanguage\":\"es\"},{\"@type\":\"Organization\",\"@id\":\"https:\\\/\\\/eventech3d.es\\\/#organization\",\"name\":\"EVENTECH 3D\",\"url\":\"https:\\\/\\\/eventech3d.es\\\/\",\"logo\":{\"@type\":\"ImageObject\",\"inLanguage\":\"es\",\"@id\":\"https:\\\/\\\/eventech3d.es\\\/#\\\/schema\\\/logo\\\/image\\\/\",\"url\":\"https:\\\/\\\/eventech3d.es\\\/wp-content\\\/uploads\\\/2025\\\/06\\\/g19904-8.png\",\"contentUrl\":\"https:\\\/\\\/eventech3d.es\\\/wp-content\\\/uploads\\\/2025\\\/06\\\/g19904-8.png\",\"width\":342,\"height\":342,\"caption\":\"EVENTECH 3D\"},\"image\":{\"@id\":\"https:\\\/\\\/eventech3d.es\\\/#\\\/schema\\\/logo\\\/image\\\/\"}},{\"@type\":\"Person\",\"@id\":\"https:\\\/\\\/eventech3d.es\\\/#\\\/schema\\\/person\\\/ac38ab90dcc368c974162dff62a69127\",\"name\":\"admin\",\"image\":{\"@type\":\"ImageObject\",\"inLanguage\":\"es\",\"@id\":\"https:\\\/\\\/eventech3d.es\\\/wp-content\\\/litespeed\\\/avatar\\\/96893977e7088124eef9b7c58051b272.jpg?ver=1788045204\",\"url\":\"https:\\\/\\\/eventech3d.es\\\/wp-content\\\/litespeed\\\/avatar\\\/96893977e7088124eef9b7c58051b272.jpg?ver=1788045204\",\"contentUrl\":\"https:\\\/\\\/eventech3d.es\\\/wp-content\\\/litespeed\\\/avatar\\\/96893977e7088124eef9b7c58051b272.jpg?ver=1788045204\",\"caption\":\"admin\"},\"sameAs\":[\"https:\\\/\\\/eventech3d.es\"],\"url\":\"https:\\\/\\\/eventech3d.es\\\/index.php\\\/author\\\/admin\\\/\"}]}<\/script>\n<!-- \/ Yoast SEO plugin. -->","yoast_head_json":{"title":"ISE 2026: Barcelona is preparing for the event that will redefine the audiovisual future. - EVENTECH 3D","description":"ISE 2026: BARCELONA SE PREPARA PARA EL EVENTO QUE REDEFINIRA EL FUTURO DEL SECTOR AUDIOVISUAL. NO PUEDES FALTAR.","robots":{"index":"index","follow":"follow","max-snippet":"max-snippet:-1","max-image-preview":"max-image-preview:large","max-video-preview":"max-video-preview:-1"},"canonical":"https:\/\/eventech3d.es\/index.php\/en\/ise-2026-barcelona-is-preparing-for-the-event-that-will-redefine-the-audiovisual-future\/","og_locale":"es_ES","og_type":"article","og_title":"ISE 2026: Barcelona is preparing for the event that will redefine the audiovisual future. - EVENTECH 3D","og_description":"ISE 2026: BARCELONA SE PREPARA PARA EL EVENTO QUE REDEFINIRA EL FUTURO DEL SECTOR AUDIOVISUAL. NO PUEDES FALTAR.","og_url":"https:\/\/eventech3d.es\/index.php\/en\/ise-2026-barcelona-is-preparing-for-the-event-that-will-redefine-the-audiovisual-future\/","og_site_name":"EVENTECH 3D","article_published_time":"2026-01-18T19:14:35+00:00","article_modified_time":"2026-01-18T19:45:18+00:00","og_image":[{"width":2560,"height":1706,"url":"https:\/\/eventech3d.es\/wp-content\/uploads\/2026\/01\/Image-LG_ISE-2025_1-scaled-1.jpg","type":"image\/jpeg"}],"author":"admin","twitter_card":"summary_large_image","twitter_misc":{"Escrito por":"admin","Tiempo de lectura":"6 minutos"},"schema":{"@context":"https:\/\/schema.org","@graph":[{"@type":"Article","@id":"https:\/\/eventech3d.es\/index.php\/en\/ise-2026-barcelona-is-preparing-for-the-event-that-will-redefine-the-audiovisual-future\/#article","isPartOf":{"@id":"https:\/\/eventech3d.es\/index.php\/en\/ise-2026-barcelona-is-preparing-for-the-event-that-will-redefine-the-audiovisual-future\/"},"author":{"name":"admin","@id":"https:\/\/eventech3d.es\/#\/schema\/person\/ac38ab90dcc368c974162dff62a69127"},"headline":"ISE 2026: Barcelona is preparing for the event that will redefine the audiovisual future.","datePublished":"2026-01-18T19:14:35+00:00","dateModified":"2026-01-18T19:45:18+00:00","mainEntityOfPage":{"@id":"https:\/\/eventech3d.es\/index.php\/en\/ise-2026-barcelona-is-preparing-for-the-event-that-will-redefine-the-audiovisual-future\/"},"wordCount":1136,"publisher":{"@id":"https:\/\/eventech3d.es\/#organization"},"image":{"@id":"https:\/\/eventech3d.es\/index.php\/en\/ise-2026-barcelona-is-preparing-for-the-event-that-will-redefine-the-audiovisual-future\/#primaryimage"},"thumbnailUrl":"https:\/\/eventech3d.es\/wp-content\/uploads\/2026\/01\/Image-LG_ISE-2025_1-scaled-1.jpg","articleSection":["NEWS"],"inLanguage":"es"},{"@type":"WebPage","@id":"https:\/\/eventech3d.es\/index.php\/en\/ise-2026-barcelona-is-preparing-for-the-event-that-will-redefine-the-audiovisual-future\/","url":"https:\/\/eventech3d.es\/index.php\/en\/ise-2026-barcelona-is-preparing-for-the-event-that-will-redefine-the-audiovisual-future\/","name":"ISE 2026: Barcelona is preparing for the event that will redefine the audiovisual future. - EVENTECH 3D","isPartOf":{"@id":"https:\/\/eventech3d.es\/#website"},"primaryImageOfPage":{"@id":"https:\/\/eventech3d.es\/index.php\/en\/ise-2026-barcelona-is-preparing-for-the-event-that-will-redefine-the-audiovisual-future\/#primaryimage"},"image":{"@id":"https:\/\/eventech3d.es\/index.php\/en\/ise-2026-barcelona-is-preparing-for-the-event-that-will-redefine-the-audiovisual-future\/#primaryimage"},"thumbnailUrl":"https:\/\/eventech3d.es\/wp-content\/uploads\/2026\/01\/Image-LG_ISE-2025_1-scaled-1.jpg","datePublished":"2026-01-18T19:14:35+00:00","dateModified":"2026-01-18T19:45:18+00:00","description":"ISE 2026: BARCELONA SE PREPARA PARA EL EVENTO QUE REDEFINIRA EL FUTURO DEL SECTOR AUDIOVISUAL. NO PUEDES FALTAR.","breadcrumb":{"@id":"https:\/\/eventech3d.es\/index.php\/en\/ise-2026-barcelona-is-preparing-for-the-event-that-will-redefine-the-audiovisual-future\/#breadcrumb"},"inLanguage":"es","potentialAction":[{"@type":"ReadAction","target":["https:\/\/eventech3d.es\/index.php\/en\/ise-2026-barcelona-is-preparing-for-the-event-that-will-redefine-the-audiovisual-future\/"]}]},{"@type":"ImageObject","inLanguage":"es","@id":"https:\/\/eventech3d.es\/index.php\/en\/ise-2026-barcelona-is-preparing-for-the-event-that-will-redefine-the-audiovisual-future\/#primaryimage","url":"https:\/\/eventech3d.es\/wp-content\/uploads\/2026\/01\/Image-LG_ISE-2025_1-scaled-1.jpg","contentUrl":"https:\/\/eventech3d.es\/wp-content\/uploads\/2026\/01\/Image-LG_ISE-2025_1-scaled-1.jpg","width":2560,"height":1706},{"@type":"BreadcrumbList","@id":"https:\/\/eventech3d.es\/index.php\/en\/ise-2026-barcelona-is-preparing-for-the-event-that-will-redefine-the-audiovisual-future\/#breadcrumb","itemListElement":[{"@type":"ListItem","position":1,"name":"Portada","item":"https:\/\/eventech3d.es\/"},{"@type":"ListItem","position":2,"name":"ISE 2026: Barcelona is preparing for the event that will redefine the audiovisual future."}]},{"@type":"WebSite","@id":"https:\/\/eventech3d.es\/#website","url":"https:\/\/eventech3d.es\/","name":"EVENTECH 3D","description":"Producci\u00f3n t\u00e9cnica para eventos y Renders 3d","publisher":{"@id":"https:\/\/eventech3d.es\/#organization"},"potentialAction":[{"@type":"SearchAction","target":{"@type":"EntryPoint","urlTemplate":"https:\/\/eventech3d.es\/?s={search_term_string}"},"query-input":{"@type":"PropertyValueSpecification","valueRequired":true,"valueName":"search_term_string"}}],"inLanguage":"es"},{"@type":"Organization","@id":"https:\/\/eventech3d.es\/#organization","name":"EVENTECH 3D","url":"https:\/\/eventech3d.es\/","logo":{"@type":"ImageObject","inLanguage":"es","@id":"https:\/\/eventech3d.es\/#\/schema\/logo\/image\/","url":"https:\/\/eventech3d.es\/wp-content\/uploads\/2025\/06\/g19904-8.png","contentUrl":"https:\/\/eventech3d.es\/wp-content\/uploads\/2025\/06\/g19904-8.png","width":342,"height":342,"caption":"EVENTECH 3D"},"image":{"@id":"https:\/\/eventech3d.es\/#\/schema\/logo\/image\/"}},{"@type":"Person","@id":"https:\/\/eventech3d.es\/#\/schema\/person\/ac38ab90dcc368c974162dff62a69127","name":"admin","image":{"@type":"ImageObject","inLanguage":"es","@id":"https:\/\/eventech3d.es\/wp-content\/litespeed\/avatar\/96893977e7088124eef9b7c58051b272.jpg?ver=1788045204","url":"https:\/\/eventech3d.es\/wp-content\/litespeed\/avatar\/96893977e7088124eef9b7c58051b272.jpg?ver=1788045204","contentUrl":"https:\/\/eventech3d.es\/wp-content\/litespeed\/avatar\/96893977e7088124eef9b7c58051b272.jpg?ver=1788045204","caption":"admin"},"sameAs":["https:\/\/eventech3d.es"],"url":"https:\/\/eventech3d.es\/index.php\/author\/admin\/"}]}},"_links":{"self":[{"href":"https:\/\/eventech3d.es\/index.php\/wp-json\/wp\/v2\/posts\/1271","targetHints":{"allow":["GET"]}}],"collection":[{"href":"https:\/\/eventech3d.es\/index.php\/wp-json\/wp\/v2\/posts"}],"about":[{"href":"https:\/\/eventech3d.es\/index.php\/wp-json\/wp\/v2\/types\/post"}],"author":[{"embeddable":true,"href":"https:\/\/eventech3d.es\/index.php\/wp-json\/wp\/v2\/users\/1"}],"replies":[{"embeddable":true,"href":"https:\/\/eventech3d.es\/index.php\/wp-json\/wp\/v2\/comments?post=1271"}],"version-history":[{"count":3,"href":"https:\/\/eventech3d.es\/index.php\/wp-json\/wp\/v2\/posts\/1271\/revisions"}],"predecessor-version":[{"id":1292,"href":"https:\/\/eventech3d.es\/index.php\/wp-json\/wp\/v2\/posts\/1271\/revisions\/1292"}],"wp:featuredmedia":[{"embeddable":true,"href":"https:\/\/eventech3d.es\/index.php\/wp-json\/wp\/v2\/media\/1263"}],"wp:attachment":[{"href":"https:\/\/eventech3d.es\/index.php\/wp-json\/wp\/v2\/media?parent=1271"}],"wp:term":[{"taxonomy":"category","embeddable":true,"href":"https:\/\/eventech3d.es\/index.php\/wp-json\/wp\/v2\/categories?post=1271"},{"taxonomy":"post_tag","embeddable":true,"href":"https:\/\/eventech3d.es\/index.php\/wp-json\/wp\/v2\/tags?post=1271"}],"curies":[{"name":"wp","href":"https:\/\/api.w.org\/{rel}","templated":true}]}}